{"id":2749,"date":"2023-09-15T10:32:54","date_gmt":"2023-09-15T13:32:54","guid":{"rendered":"https:\/\/sparkrh.com\/blog\/?p=2749"},"modified":"2023-12-21T13:48:09","modified_gmt":"2023-12-21T16:48:09","slug":"case-grupo-boticario-tecnologia","status":"publish","type":"post","link":"https:\/\/bondy.com.br\/blog\/case-grupo-boticario-tecnologia\/","title":{"rendered":"Case Grupo Botic\u00e1rio: Como usar o employer branding para atrair e reter talentos em tecnologia"},"content":{"rendered":"<p><span style=\"font-weight: 400;\">Em 2019, o Grupo Botic\u00e1rio iniciou um movimento de internaliza\u00e7\u00e3o dos seus processos tecnol\u00f3gicos, a fim de se tornar uma refer\u00eancia para desenvolvimento de solu\u00e7\u00f5es propriet\u00e1rias. Esse movimento exigiu que expand\u00edssemos nosso time tech de 200 para mais de 2 mil colaboradores em 3 anos. Nossas necessidades abrangiam uma ampla variedade de especialidades, desde desenvolvedores e gerentes de produto at\u00e9 designers e cientistas de dados. A quest\u00e3o era: como contar nossa hist\u00f3ria no mundo da tecnologia e atrair profissionais seniores que, muitas vezes, n\u00e3o se inscrevem em vagas?<\/span><\/p>\n<p><span style=\"font-weight: 400;\">A resposta estava no Employer Branding. Em um mercado altamente competitivo, trabalhar a marca empregadora se tornou essencial para criarmos as melhores estrat\u00e9gias de atra\u00e7\u00e3o de talentos. No <a href=\"https:\/\/bondy.com.br\/blog\/11ebinsights\/\">EB Insights<\/a>, o maior evento de inova\u00e7\u00e3o, tecnologia e comunica\u00e7\u00e3o em Employer Branding organizado pela Spark RH, o Grupo Botic\u00e1rio vai aprofundar como utiliza essa ferramenta poderosa para transformar o seu processo de sele\u00e7\u00e3o e reten\u00e7\u00e3o de profissionais experientes.\u00a0<\/span><\/p>\n<p><span style=\"font-weight: 400;\">Para enfrentar essa situa\u00e7\u00e3o, o primeiro passo foi compreender o perfil que quer\u00edamos atrair. Sab\u00edamos que n\u00e3o poder\u00edamos atingir todos os p\u00fablicos, ent\u00e3o a primeira decis\u00e3o importante foi priorizar, e isso se deu a partir do entendimento das nossas maiores urg\u00eancias de neg\u00f3cio, mas tamb\u00e9m das dificuldades na atra\u00e7\u00e3o e contrata\u00e7\u00e3o.\u00a0\u00a0<\/span><\/p>\n<p><span style=\"font-weight: 400;\">T\u00ednhamos tamb\u00e9m o desafio de reposicionar a marca GB para que nos torn\u00e1ssemos uma empresa desejada do ponto de vista de profissionais de tecnologia. E para al\u00e9m do contexto nacional, nosso desafio ampliou-se p\u00f3s pandemia, dado que muitas empresas internacionais come\u00e7aram a buscar funcion\u00e1rios de tecnologia para trabalho remoto e pagando em moedas mais valorizadas que o real, como d\u00f3lar ou euro.<\/span><\/p>\n<p><span style=\"font-weight: 400;\">A partir disso, foi primordial tra\u00e7ar um plano que pudesse solucionar todas as nossas dores: reten\u00e7\u00e3o dos nossos colaboradores e atra\u00e7\u00e3o de novos profissionais experientes do setor.<\/span><\/p>\n<h2><b>De dentro para fora<\/b><\/h2>\n<p><span style=\"font-weight: 400;\">Nossa jornada come\u00e7ou entendendo o que t\u00ednhamos dentro de casa, para refor\u00e7ar o que poder\u00edamos oferecer. O Grupo Botic\u00e1rio j\u00e1 possu\u00eda um planejamento s\u00f3lido de carreira e desenvolvimento, mas considerando o crescimento previsto, decidimos alavancar ainda mais essa tem\u00e1tica. Com o foco interno, destacamos para os nossos colaboradores quais eram nossos grandes diferenciais: o que o Grupo Botic\u00e1rio tem que o torna especial diante de grandes players de tecnologia no mercado?\u00a0<\/span><\/p>\n<p><span style=\"font-weight: 400;\">Separamos em algumas categorias as quest\u00f5es pr\u00e1ticas:<\/span><\/p>\n<ul>\n<li style=\"font-weight: 400;\"><b>Compensa\u00e7\u00e3o: <\/b><span style=\"font-weight: 400;\">garantir sal\u00e1rios e benef\u00edcios competitivos com outras empresas de tecnologia.<\/span><\/li>\n<li style=\"font-weight: 400;\"><b>Carreira em Y: <\/b><span style=\"font-weight: 400;\">um plano de carreira detalhado com direcionamento para \u00e1reas de gest\u00e3o ou especializa\u00e7\u00e3o t\u00e9cnica.\u00a0<\/span><\/li>\n<li style=\"font-weight: 400;\"><b>Engajamento: <\/b><span style=\"font-weight: 400;\">pesquisas semanais com todos os colaboradores para entender o clima organizacional, para que pud\u00e9ssemos nos antecipar \u00e0 eventuais problemas<\/span><\/li>\n<li style=\"font-weight: 400;\"><b>Aten\u00e7\u00e3o aos desligamentos:<\/b><span style=\"font-weight: 400;\"> pedidos de demiss\u00e3o volunt\u00e1ria foram acompanhados de maneira ativa e qualitativa, para evitar novos casos semelhantes.<\/span><\/li>\n<li style=\"font-weight: 400;\"><b>Comunidade interna:<\/b><span style=\"font-weight: 400;\"> cria\u00e7\u00e3o de guildas &#8211; comunidades focadas em troca de conhecimento entre profissionais das diversas \u00e1reas tech. Al\u00e9m da realiza\u00e7\u00e3o de eventos internos, como o hackathon anual, com recompensas para os colaboradores.<\/span><\/li>\n<li style=\"font-weight: 400;\"><b>Educa\u00e7\u00e3o e desenvolvimento: <\/b><span style=\"font-weight: 400;\">a\u00e7\u00f5es espec\u00edficas para o time de tecnologia, com cursos, palestras e treinamentos.<\/span><\/li>\n<\/ul>\n<p><span style=\"font-weight: 400;\">Um amplo conhecimento do bom trabalho feito internamente clareou nosso caminho para a externaliza\u00e7\u00e3o da marca. Afinal, para ganhar destaque, era necess\u00e1rio criar conex\u00f5es para al\u00e9m da nossa pr\u00f3pria empresa e se apresentar aos profissionais de tecnologia.\u00a0<\/span><\/p>\n<h2><b>Se posicionando no mercado tech<\/b><\/h2>\n<p><span style=\"font-weight: 400;\">A nossa jornada externa come\u00e7ou ampliando a presen\u00e7a da marca como um todo. O Grupo Botic\u00e1rio n\u00e3o \u00e9 uma empresa nativa digital, e muitas pessoas desconhecem a complexidade e dimens\u00e3o do Grupo. S\u00e3o 9 empresas, com mais de 17 mil funcion\u00e1rios diretos e atua\u00e7\u00e3o em 50 pa\u00edses diferentes.\u00a0 Para garantir o nosso posicionamento no mundo tecnol\u00f3gico, fortalecemos a presen\u00e7a do Grupo Botic\u00e1rio como competidor desse setor para o mercado como um todo. Destacamos algumas das principais estrat\u00e9gias que nos levaram para o caminho certo:<\/span><\/p>\n<ul>\n<li style=\"font-weight: 400;\"><b>Eventos tech: <\/b><span style=\"font-weight: 400;\">participa\u00e7\u00e3o em eventos do setor, como TDC Innovation, Web Summit e Dev Leaders, com o objetivo de fortalecer nossa marca empregadora, compartilhar conte\u00fado e criar relacionamento com a comunidade de profissionais.<\/span><\/li>\n<li style=\"font-weight: 400;\"><b>Se tornando speaker: <\/b><span style=\"font-weight: 400;\">intensificamos a presen\u00e7a da empresa no Medium, plataforma de blogs e artigos especializados, para engajar colaboradores internos e gerar conte\u00fado para a sociedade como um todo &#8211; o que ampliou a propriedade do Grupo Botic\u00e1rio como fonte de tecnologia.<\/span><\/li>\n<li style=\"font-weight: 400;\"><b>Cria\u00e7\u00e3o do Desenvolve: <\/b><span style=\"font-weight: 400;\">em 2021, o time de Comunidades de Tecnologia criou o Desenvolve, programa focado em formar profissionais de \u00e1reas diversas para o setor tecnol\u00f3gico, com foco em diversidade e pessoas em situa\u00e7\u00e3o de vulnerabilidade. Esses talentos foram posteriormente absorvidos pela pr\u00f3pria empresa ou indicados para outros players do mercado.\u00a0<\/span><\/li>\n<li style=\"font-weight: 400;\"><b>Relacionamento com a comunidade:<\/b><span style=\"font-weight: 400;\"> usando newsletter e trabalhando o awareness em m\u00eddias sociais, criamos conte\u00fado relevante com novidades da \u00e1rea de tecnologia do Grupo Botic\u00e1rio. Usamos esse espa\u00e7o tamb\u00e9m para anunciar as vagas que t\u00ednhamos dispon\u00edveis.\u00a0<\/span><\/li>\n<li style=\"font-weight: 400;\"><b>Monitoramento e atra\u00e7\u00e3o:<\/b><span style=\"font-weight: 400;\"> um squad dentro do time de recrutamento monitorou leads, potenciais candidatos e interessados na marca, para ajudar que esse relacionamento fosse mantido no longo prazo e, futuramente, convertido em uma contrata\u00e7\u00e3o.\u00a0<\/span><\/li>\n<\/ul>\n<p><span style=\"font-weight: 400;\">Ent\u00e3o, no curto prazo, nossa estrat\u00e9gia foi focada em criar conex\u00e3o com a comunidade de profissionais, aproximando talentos internos e externos. E a longo prazo, posicionar o Grupo Botic\u00e1rio como empresa de tech no mercado por meio de produ\u00e7\u00e3o de conte\u00fado de qualidade e relacionamento cont\u00ednuo.<\/span><\/p>\n<p><span style=\"font-weight: 400;\">Para alcan\u00e7ar nossos objetivos, foi fundamental ir al\u00e9m do processo tradicional de recrutamento: publica\u00e7\u00e3o da vaga, sele\u00e7\u00e3o, testes, entrevistas e contrata\u00e7\u00e3o. Foi necess\u00e1rio desenvolver um planejamento de marca, relacionamento e conte\u00fado, por meio de uma estrat\u00e9gia s\u00f3lida e duradoura.<\/span><\/p>\n<h2><b>Resultados na tela<\/b><\/h2>\n<p><span style=\"font-weight: 400;\">A parte mais importante desse processo \u00e9 saber que o que foi divulgado e compartilhado com a comunidade externa \u00e9 exatamente o que acontece internamente. Destacando a\u00e7\u00f5es para engajamento interno dos colaboradores, fortalecendo de maneira indireta o nosso employer branding.\u00a0<\/span><\/p>\n<p><span style=\"font-weight: 400;\">Ap\u00f3s esse esfor\u00e7o multidisciplinar, foi gratificante enxergar os dados de resultados.<\/span><\/p>\n<ul>\n<li style=\"font-weight: 400;\"><span style=\"font-weight: 400;\">Coletamos mais de 25 mil perfis, com 32% deles sendo profissionais s\u00eaniores, que podem ser convertidos em novas contrata\u00e7\u00f5es.<\/span><\/li>\n<li style=\"font-weight: 400;\"><span style=\"font-weight: 400;\">Registramos um crescimento de 136% em inscri\u00e7\u00f5es org\u00e2nicas ap\u00f3s a implementa\u00e7\u00e3o de a\u00e7\u00f5es dedicadas a personas espec\u00edficas, criando perfis baseados no cargo e tipo de talento que quer\u00edamos atrair.<\/span><\/li>\n<li style=\"font-weight: 400;\"><span style=\"font-weight: 400;\">Para al\u00e9m da contrata\u00e7\u00e3o, o GB t\u00eam fortes compromissos com a pauta de diversidade, e isso reflete nos resultados: alcan\u00e7amos 60% de diversidade de g\u00eanero, 45% racial e 9% de pessoas com defici\u00eancia em todas as contrata\u00e7\u00f5es geradas por nossas a\u00e7\u00f5es.<\/span><\/li>\n<li style=\"font-weight: 400;\"><span style=\"font-weight: 400;\">Recentemente, saltamos de 6\u00aa para 2\u00aa empresa mais admirada na atua\u00e7\u00e3o de dados na Am\u00e9rica Latina pela State of Data 2022.<\/span><\/li>\n<\/ul>\n<p><span style=\"font-weight: 400;\">Nossa jornada de Employer Branding no <a href=\"https:\/\/www.grupoboticario.com.br\/\">Grupo Botic\u00e1rio<\/a> \u00e9 uma hist\u00f3ria de adapta\u00e7\u00e3o, aprendizado e compromisso com a nossa marca empregadora. Continuaremos a evoluir e inovar, \u00e0 medida que enfrentamos os desafios em constante mudan\u00e7a desse mercado din\u00e2mico.\u00a0<\/span><\/p>\n<p style=\"text-align: right;\"><span style=\"font-weight: 400;\"><i>Esse texto \u00e9 um artigo e expressa a opini\u00e3o do autor sobre o tema*<\/i><br \/>\n<\/span><\/p>\n","protected":false},"excerpt":{"rendered":"<p>Em 2019, o Grupo Botic\u00e1rio iniciou um movimento de internaliza\u00e7\u00e3o dos seus processos tecnol\u00f3gicos, a fim de se tornar uma refer\u00eancia para desenvolvimento de solu\u00e7\u00f5es propriet\u00e1rias. Esse movimento exigiu que expand\u00edssemos nosso time tech de 200 para mais de 2 mil colaboradores em 3 anos. Nossas necessidades abrangiam uma ampla variedade de especialidades, desde desenvolvedores<\/p>\n","protected":false},"author":14,"featured_media":2751,"comment_status":"open","ping_status":"open","sticky":false,"template":"","format":"standard","meta":{"footnotes":""},"categories":[80],"tags":[93,84,92],"class_list":{"0":"post-2749","1":"post","2":"type-post","3":"status-publish","4":"format-standard","5":"has-post-thumbnail","7":"category-employer-branding","8":"tag-atracao-e-retencao","9":"tag-employer-branding","10":"tag-talentos-de-tecnologia"},"yoast_head":"<!-- This site is optimized with the Yoast SEO plugin v22.5 - https:\/\/yoast.com\/wordpress\/plugins\/seo\/ -->\n<title>Case Grupo Botic\u00e1rio: tecnologia para EB - Blog - Bondy<\/title>\n<meta name=\"description\" content=\"Em um mercado altamente competitivo, trabalhar a marca empregadora se tornou essencial. Conhe\u00e7a o Case Grupo Botic\u00e1rio: tecnologia para EB\" \/>\n<meta name=\"robots\" content=\"index, follow, max-snippet:-1, max-image-preview:large, max-video-preview:-1\" \/>\n<link rel=\"canonical\" href=\"https:\/\/bondy.com.br\/blog\/case-grupo-boticario-tecnologia\/\" \/>\n<meta property=\"og:locale\" content=\"pt_BR\" \/>\n<meta property=\"og:type\" content=\"article\" \/>\n<meta property=\"og:title\" content=\"Case Grupo Botic\u00e1rio: tecnologia para EB - Blog - Bondy\" \/>\n<meta property=\"og:description\" content=\"Em um mercado altamente competitivo, trabalhar a marca empregadora se tornou essencial. Conhe\u00e7a o Case Grupo Botic\u00e1rio: tecnologia para EB\" \/>\n<meta property=\"og:url\" content=\"https:\/\/bondy.com.br\/blog\/case-grupo-boticario-tecnologia\/\" \/>\n<meta property=\"og:site_name\" content=\"Blog - Bondy\" \/>\n<meta property=\"article:published_time\" content=\"2023-09-15T13:32:54+00:00\" \/>\n<meta property=\"article:modified_time\" content=\"2023-12-21T16:48:09+00:00\" \/>\n<meta property=\"og:image\" content=\"https:\/\/bondy.com.br\/blog\/wp-content\/uploads\/2023\/09\/employer-branding-para-atrair-e-reter-talentos-em-tecnologia.jpg\" \/>\n\t<meta property=\"og:image:width\" content=\"1366\" \/>\n\t<meta property=\"og:image:height\" content=\"768\" \/>\n\t<meta property=\"og:image:type\" content=\"image\/jpeg\" \/>\n<meta name=\"author\" content=\"Cibele Lima\" \/>\n<meta name=\"twitter:card\" content=\"summary_large_image\" \/>\n<meta name=\"twitter:label1\" content=\"Escrito por\" \/>\n\t<meta name=\"twitter:data1\" content=\"Cibele Lima\" \/>\n\t<meta name=\"twitter:label2\" content=\"Est. tempo de leitura\" \/>\n\t<meta name=\"twitter:data2\" content=\"7 minutos\" \/>\n<script type=\"application\/ld+json\" class=\"yoast-schema-graph\">{\"@context\":\"https:\/\/schema.org\",\"@graph\":[{\"@type\":\"WebPage\",\"@id\":\"https:\/\/bondy.com.br\/blog\/case-grupo-boticario-tecnologia\/\",\"url\":\"https:\/\/bondy.com.br\/blog\/case-grupo-boticario-tecnologia\/\",\"name\":\"Case Grupo Botic\u00e1rio: tecnologia para EB - Blog - Bondy\",\"isPartOf\":{\"@id\":\"https:\/\/bondy.com.br\/blog\/#website\"},\"primaryImageOfPage\":{\"@id\":\"https:\/\/bondy.com.br\/blog\/case-grupo-boticario-tecnologia\/#primaryimage\"},\"image\":{\"@id\":\"https:\/\/bondy.com.br\/blog\/case-grupo-boticario-tecnologia\/#primaryimage\"},\"thumbnailUrl\":\"https:\/\/bondy.com.br\/blog\/wp-content\/uploads\/2023\/09\/employer-branding-para-atrair-e-reter-talentos-em-tecnologia.jpg\",\"datePublished\":\"2023-09-15T13:32:54+00:00\",\"dateModified\":\"2023-12-21T16:48:09+00:00\",\"author\":{\"@id\":\"https:\/\/bondy.com.br\/blog\/#\/schema\/person\/8432973b9648738088a8e6b7fd70f492\"},\"description\":\"Em um mercado altamente competitivo, trabalhar a marca empregadora se tornou essencial. Conhe\u00e7a o Case Grupo Botic\u00e1rio: tecnologia para EB\",\"breadcrumb\":{\"@id\":\"https:\/\/bondy.com.br\/blog\/case-grupo-boticario-tecnologia\/#breadcrumb\"},\"inLanguage\":\"pt-BR\",\"potentialAction\":[{\"@type\":\"ReadAction\",\"target\":[\"https:\/\/bondy.com.br\/blog\/case-grupo-boticario-tecnologia\/\"]}]},{\"@type\":\"ImageObject\",\"inLanguage\":\"pt-BR\",\"@id\":\"https:\/\/bondy.com.br\/blog\/case-grupo-boticario-tecnologia\/#primaryimage\",\"url\":\"https:\/\/bondy.com.br\/blog\/wp-content\/uploads\/2023\/09\/employer-branding-para-atrair-e-reter-talentos-em-tecnologia.jpg\",\"contentUrl\":\"https:\/\/bondy.com.br\/blog\/wp-content\/uploads\/2023\/09\/employer-branding-para-atrair-e-reter-talentos-em-tecnologia.jpg\",\"width\":1366,\"height\":768,\"caption\":\"Case Grupo Botic\u00e1rio: tecnologia para EB\"},{\"@type\":\"BreadcrumbList\",\"@id\":\"https:\/\/bondy.com.br\/blog\/case-grupo-boticario-tecnologia\/#breadcrumb\",\"itemListElement\":[{\"@type\":\"ListItem\",\"position\":1,\"name\":\"In\u00edcio\",\"item\":\"https:\/\/bondy.com.br\/blog\/\"},{\"@type\":\"ListItem\",\"position\":2,\"name\":\"Case Grupo Botic\u00e1rio: Como usar o employer branding para atrair e reter talentos em tecnologia\"}]},{\"@type\":\"WebSite\",\"@id\":\"https:\/\/bondy.com.br\/blog\/#website\",\"url\":\"https:\/\/bondy.com.br\/blog\/\",\"name\":\"Blog - Bondy\",\"description\":\"\",\"potentialAction\":[{\"@type\":\"SearchAction\",\"target\":{\"@type\":\"EntryPoint\",\"urlTemplate\":\"https:\/\/bondy.com.br\/blog\/?s={search_term_string}\"},\"query-input\":\"required name=search_term_string\"}],\"inLanguage\":\"pt-BR\"},{\"@type\":\"Person\",\"@id\":\"https:\/\/bondy.com.br\/blog\/#\/schema\/person\/8432973b9648738088a8e6b7fd70f492\",\"name\":\"Cibele Lima\",\"image\":{\"@type\":\"ImageObject\",\"inLanguage\":\"pt-BR\",\"@id\":\"https:\/\/bondy.com.br\/blog\/#\/schema\/person\/image\/\",\"url\":\"https:\/\/bondy.com.br\/blog\/wp-content\/uploads\/2023\/09\/Cibele.jpg\",\"contentUrl\":\"https:\/\/bondy.com.br\/blog\/wp-content\/uploads\/2023\/09\/Cibele.jpg\",\"caption\":\"Cibele Lima\"},\"description\":\"Especialista de Employer Branding no Grupo Botic\u00e1rio.\",\"url\":\"https:\/\/bondy.com.br\/blog\/author\/cibele-lima\/\"}]}<\/script>\n<!-- \/ Yoast SEO plugin. -->","yoast_head_json":{"title":"Case Grupo Botic\u00e1rio: tecnologia para EB - Blog - Bondy","description":"Em um mercado altamente competitivo, trabalhar a marca empregadora se tornou essencial. Conhe\u00e7a o Case Grupo Botic\u00e1rio: tecnologia para EB","robots":{"index":"index","follow":"follow","max-snippet":"max-snippet:-1","max-image-preview":"max-image-preview:large","max-video-preview":"max-video-preview:-1"},"canonical":"https:\/\/bondy.com.br\/blog\/case-grupo-boticario-tecnologia\/","og_locale":"pt_BR","og_type":"article","og_title":"Case Grupo Botic\u00e1rio: tecnologia para EB - Blog - Bondy","og_description":"Em um mercado altamente competitivo, trabalhar a marca empregadora se tornou essencial. Conhe\u00e7a o Case Grupo Botic\u00e1rio: tecnologia para EB","og_url":"https:\/\/bondy.com.br\/blog\/case-grupo-boticario-tecnologia\/","og_site_name":"Blog - Bondy","article_published_time":"2023-09-15T13:32:54+00:00","article_modified_time":"2023-12-21T16:48:09+00:00","og_image":[{"width":1366,"height":768,"url":"https:\/\/bondy.com.br\/blog\/wp-content\/uploads\/2023\/09\/employer-branding-para-atrair-e-reter-talentos-em-tecnologia.jpg","type":"image\/jpeg"}],"author":"Cibele Lima","twitter_card":"summary_large_image","twitter_misc":{"Escrito por":"Cibele Lima","Est. tempo de leitura":"7 minutos"},"schema":{"@context":"https:\/\/schema.org","@graph":[{"@type":"WebPage","@id":"https:\/\/bondy.com.br\/blog\/case-grupo-boticario-tecnologia\/","url":"https:\/\/bondy.com.br\/blog\/case-grupo-boticario-tecnologia\/","name":"Case Grupo Botic\u00e1rio: tecnologia para EB - Blog - Bondy","isPartOf":{"@id":"https:\/\/bondy.com.br\/blog\/#website"},"primaryImageOfPage":{"@id":"https:\/\/bondy.com.br\/blog\/case-grupo-boticario-tecnologia\/#primaryimage"},"image":{"@id":"https:\/\/bondy.com.br\/blog\/case-grupo-boticario-tecnologia\/#primaryimage"},"thumbnailUrl":"https:\/\/bondy.com.br\/blog\/wp-content\/uploads\/2023\/09\/employer-branding-para-atrair-e-reter-talentos-em-tecnologia.jpg","datePublished":"2023-09-15T13:32:54+00:00","dateModified":"2023-12-21T16:48:09+00:00","author":{"@id":"https:\/\/bondy.com.br\/blog\/#\/schema\/person\/8432973b9648738088a8e6b7fd70f492"},"description":"Em um mercado altamente competitivo, trabalhar a marca empregadora se tornou essencial. Conhe\u00e7a o Case Grupo Botic\u00e1rio: tecnologia para EB","breadcrumb":{"@id":"https:\/\/bondy.com.br\/blog\/case-grupo-boticario-tecnologia\/#breadcrumb"},"inLanguage":"pt-BR","potentialAction":[{"@type":"ReadAction","target":["https:\/\/bondy.com.br\/blog\/case-grupo-boticario-tecnologia\/"]}]},{"@type":"ImageObject","inLanguage":"pt-BR","@id":"https:\/\/bondy.com.br\/blog\/case-grupo-boticario-tecnologia\/#primaryimage","url":"https:\/\/bondy.com.br\/blog\/wp-content\/uploads\/2023\/09\/employer-branding-para-atrair-e-reter-talentos-em-tecnologia.jpg","contentUrl":"https:\/\/bondy.com.br\/blog\/wp-content\/uploads\/2023\/09\/employer-branding-para-atrair-e-reter-talentos-em-tecnologia.jpg","width":1366,"height":768,"caption":"Case Grupo Botic\u00e1rio: tecnologia para EB"},{"@type":"BreadcrumbList","@id":"https:\/\/bondy.com.br\/blog\/case-grupo-boticario-tecnologia\/#breadcrumb","itemListElement":[{"@type":"ListItem","position":1,"name":"In\u00edcio","item":"https:\/\/bondy.com.br\/blog\/"},{"@type":"ListItem","position":2,"name":"Case Grupo Botic\u00e1rio: Como usar o employer branding para atrair e reter talentos em tecnologia"}]},{"@type":"WebSite","@id":"https:\/\/bondy.com.br\/blog\/#website","url":"https:\/\/bondy.com.br\/blog\/","name":"Blog - Bondy","description":"","potentialAction":[{"@type":"SearchAction","target":{"@type":"EntryPoint","urlTemplate":"https:\/\/bondy.com.br\/blog\/?s={search_term_string}"},"query-input":"required name=search_term_string"}],"inLanguage":"pt-BR"},{"@type":"Person","@id":"https:\/\/bondy.com.br\/blog\/#\/schema\/person\/8432973b9648738088a8e6b7fd70f492","name":"Cibele Lima","image":{"@type":"ImageObject","inLanguage":"pt-BR","@id":"https:\/\/bondy.com.br\/blog\/#\/schema\/person\/image\/","url":"https:\/\/bondy.com.br\/blog\/wp-content\/uploads\/2023\/09\/Cibele.jpg","contentUrl":"https:\/\/bondy.com.br\/blog\/wp-content\/uploads\/2023\/09\/Cibele.jpg","caption":"Cibele Lima"},"description":"Especialista de Employer Branding no Grupo Botic\u00e1rio.","url":"https:\/\/bondy.com.br\/blog\/author\/cibele-lima\/"}]}},"_links":{"self":[{"href":"https:\/\/bondy.com.br\/blog\/wp-json\/wp\/v2\/posts\/2749","targetHints":{"allow":["GET"]}}],"collection":[{"href":"https:\/\/bondy.com.br\/blog\/wp-json\/wp\/v2\/posts"}],"about":[{"href":"https:\/\/bondy.com.br\/blog\/wp-json\/wp\/v2\/types\/post"}],"author":[{"embeddable":true,"href":"https:\/\/bondy.com.br\/blog\/wp-json\/wp\/v2\/users\/14"}],"replies":[{"embeddable":true,"href":"https:\/\/bondy.com.br\/blog\/wp-json\/wp\/v2\/comments?post=2749"}],"version-history":[{"count":5,"href":"https:\/\/bondy.com.br\/blog\/wp-json\/wp\/v2\/posts\/2749\/revisions"}],"predecessor-version":[{"id":2871,"href":"https:\/\/bondy.com.br\/blog\/wp-json\/wp\/v2\/posts\/2749\/revisions\/2871"}],"wp:featuredmedia":[{"embeddable":true,"href":"https:\/\/bondy.com.br\/blog\/wp-json\/wp\/v2\/media\/2751"}],"wp:attachment":[{"href":"https:\/\/bondy.com.br\/blog\/wp-json\/wp\/v2\/media?parent=2749"}],"wp:term":[{"taxonomy":"category","embeddable":true,"href":"https:\/\/bondy.com.br\/blog\/wp-json\/wp\/v2\/categories?post=2749"},{"taxonomy":"post_tag","embeddable":true,"href":"https:\/\/bondy.com.br\/blog\/wp-json\/wp\/v2\/tags?post=2749"}],"curies":[{"name":"wp","href":"https:\/\/api.w.org\/{rel}","templated":true}]}}